{"id":4556,"date":"2018-12-14T13:52:46","date_gmt":"2018-12-14T13:52:46","guid":{"rendered":"https:\/\/www.camping-laguichardiere.net\/karamell-mit-gesalzener-butter\/"},"modified":"2026-03-06T15:23:35","modified_gmt":"2026-03-06T15:23:35","slug":"karamell-mit-gesalzener-butter","status":"publish","type":"post","link":"https:\/\/www.camping-laguichardiere.net\/de\/karamell-mit-gesalzener-butter\/","title":{"rendered":"Karamell mit gesalzener Butter"},"content":{"rendered":"\n<div class=\"wp-block-group alignfull is-layout-flow wp-block-group-is-layout-flow\">\n<div style=\"background-image:url(&apos;https:\/\/www.camping-laguichardiere.net\/wp-content\/uploads\/2025\/10\/GUICHARDIERE-2025-ESE-183.webp&apos;);background-size:cover;\" class=\"wp-block-group alignfull hero-lg-simple is-style-gd-image-dark has-n-50-color has-text-color has-link-color wp-elements-9498ad0571efb94d25f8dc115843c54e has-global-padding is-layout-constrained wp-container-core-group-is-layout-f36bc466 wp-block-group-is-layout-constrained has-background\"><h1 class=\"has-text-align-center wp-block-post-title\">Karamell mit gesalzener Butter<\/h1><\/div>\n\n\n\n<div class=\"wp-block-group alignfull hrz-content-sticky has-n-50-background-color has-background has-global-padding is-layout-constrained wp-container-core-group-is-layout-55bdcacf wp-block-group-is-layout-constrained\" style=\"padding-top:var(--wp--preset--spacing--xl);padding-bottom:var(--wp--preset--spacing--xl)\">\n<div class=\"wp-block-columns wrapper-sticky is-layout-flex wp-container-core-columns-is-layout-48f035cc wp-block-columns-is-layout-flex\">\n<div class=\"wp-block-column is-layout-flow wp-block-column-is-layout-flow\" style=\"padding-top:var(--wp--preset--spacing--m)\">\n<div class=\"wp-block-group is-c-mobile is-vertical is-layout-flex wp-container-core-group-is-layout-8db92f92 wp-block-group-is-layout-flex\">\n<h2 class=\"wp-block-heading is-style-hrz-title--sub\"><strong>Rezept f\u00fcr Karamell mit gesalzener Butter<\/strong><\/h2>\n<\/div>\n\n\n\n<p class=\"is-style-hrz-p--base has-n-950-color has-text-color has-link-color has-xs-font-size wp-elements-4f0b85a3fd994b545a16a6db668de248\" style=\"margin-top:var(--wp--preset--spacing--m)\"><strong>Die Zutaten :<\/strong><\/p>\n\n\n\n<ul class=\"wp-block-list\">\n<li>250 g Zucker<\/li>\n\n\n\n<li>2 Essl\u00f6ffel Wasser<\/li>\n\n\n\n<li>100g gesalzene Butter aus Gu\u00e9rande<\/li>\n\n\n\n<li>20cl Sahne<\/li>\n<\/ul>\n\n\n\n<p class=\"is-style-hrz-p--base has-n-950-color has-text-color has-link-color has-xs-font-size wp-elements-9ee1e2dcccd53794fc414549e046ae05\" style=\"margin-top:var(--wp--preset--spacing--m)\"><strong>Vorbereitung :<\/strong><\/p>\n\n\n\n<p class=\"is-style-hrz-p--base has-n-950-color has-text-color has-link-color has-xs-font-size wp-elements-490ae877084eb24079f93a2897359d1a\" style=\"margin-top:var(--wp--preset--spacing--m)\">Geben Sie den Zucker mit dem Wasser in einen Topf und erhitzen Sie ihn bei starker Hitze <em>(aber nicht zu stark)<\/em>, bis die Mischung hellbraun wird.<br\/>Schneiden Sie die Butter in kleine W\u00fcrfel und r\u00fchren Sie sie langsam mit dem Schneebesen unter, fahren Sie mit der Zugabe der Sahne fort.<br\/>Lassen Sie die Masse etwas abk\u00fchlen und f\u00fcllen Sie sie in ein Glas <em>(wie ein Marmeladenglas) <\/em>, um sie k\u00fchl aufzubewahren <em>(f\u00fcr max. 15 bis 20 Tage&#8230; auf den ersten Blick, denn bei mir hat das Glas nie so lange gedauert!)<\/em><\/p>\n<\/div>\n<\/div>\n<\/div>\n<\/div>\n","protected":false},"excerpt":{"rendered":"<p>Das ganze Rezept f\u00fcr ein gelungenes Karamell mit gesalzener Butter!<\/p>\n","protected":false},"author":1,"featured_media":4558,"comment_status":"closed","ping_status":"closed","sticky":false,"template":"","format":"standard","meta":{"_acf_changed":false,"_seopress_robots_primary_cat":"","_seopress_titles_title":"Karamell mit gesalzener Butter | Camping La Guichardi\u00e8re","_seopress_titles_desc":"Rezept f\u00fcr Karamell mit gesalzener Butter: Die Zutaten: - 250g Zucker - 2 Essl\u00f6ffel Wasser - 100g gesalzene Butter aus Gu\u00e9rande - 20cl Sahne Die Zubereitung: Den Zucker in einen Topf geben.","_seopress_robots_index":"","footnotes":""},"categories":[36],"tags":[],"class_list":["post-4556","post","type-post","status-publish","format-standard","has-post-thumbnail","hentry","category-nachrichten"],"acf":[],"_links":{"self":[{"href":"https:\/\/www.camping-laguichardiere.net\/de\/wp-json\/wp\/v2\/posts\/4556","targetHints":{"allow":["GET"]}}],"collection":[{"href":"https:\/\/www.camping-laguichardiere.net\/de\/wp-json\/wp\/v2\/posts"}],"about":[{"href":"https:\/\/www.camping-laguichardiere.net\/de\/wp-json\/wp\/v2\/types\/post"}],"author":[{"embeddable":true,"href":"https:\/\/www.camping-laguichardiere.net\/de\/wp-json\/wp\/v2\/users\/1"}],"replies":[{"embeddable":true,"href":"https:\/\/www.camping-laguichardiere.net\/de\/wp-json\/wp\/v2\/comments?post=4556"}],"version-history":[{"count":1,"href":"https:\/\/www.camping-laguichardiere.net\/de\/wp-json\/wp\/v2\/posts\/4556\/revisions"}],"predecessor-version":[{"id":4560,"href":"https:\/\/www.camping-laguichardiere.net\/de\/wp-json\/wp\/v2\/posts\/4556\/revisions\/4560"}],"wp:featuredmedia":[{"embeddable":true,"href":"https:\/\/www.camping-laguichardiere.net\/de\/wp-json\/wp\/v2\/media\/4558"}],"wp:attachment":[{"href":"https:\/\/www.camping-laguichardiere.net\/de\/wp-json\/wp\/v2\/media?parent=4556"}],"wp:term":[{"taxonomy":"category","embeddable":true,"href":"https:\/\/www.camping-laguichardiere.net\/de\/wp-json\/wp\/v2\/categories?post=4556"},{"taxonomy":"post_tag","embeddable":true,"href":"https:\/\/www.camping-laguichardiere.net\/de\/wp-json\/wp\/v2\/tags?post=4556"}],"curies":[{"name":"wp","href":"https:\/\/api.w.org\/{rel}","templated":true}]}}