{"id":4664,"date":"2018-03-31T14:21:00","date_gmt":"2018-03-31T14:21:00","guid":{"rendered":"https:\/\/www.camping-laguichardiere.net\/die-etwas-verrueckten-campingplaetze-2\/"},"modified":"2026-03-06T15:25:44","modified_gmt":"2026-03-06T15:25:44","slug":"die-etwas-verrueckten-campingplaetze-2","status":"publish","type":"post","link":"https:\/\/www.camping-laguichardiere.net\/de\/die-etwas-verrueckten-campingplaetze-2\/","title":{"rendered":"die etwas verr\u00fcckten Campingpl\u00e4tze 2"},"content":{"rendered":"\n<div class=\"wp-block-group alignfull is-layout-flow wp-block-group-is-layout-flow\">\n<div style=\"background-image:url(&apos;https:\/\/www.camping-laguichardiere.net\/wp-content\/uploads\/2025\/10\/GUICHARDIERE-2025-ESE-183.webp&apos;);background-size:cover;\" class=\"wp-block-group alignfull hero-lg-simple is-style-gd-image-dark has-n-50-color has-text-color has-link-color wp-elements-9498ad0571efb94d25f8dc115843c54e has-global-padding is-layout-constrained wp-container-core-group-is-layout-f36bc466 wp-block-group-is-layout-constrained has-background\"><h1 class=\"has-text-align-center wp-block-post-title\">die etwas verr\u00fcckten Campingpl\u00e4tze 2<\/h1><\/div>\n\n\n\n<div class=\"wp-block-group alignfull hrz-content-sticky has-n-50-background-color has-background has-global-padding is-layout-constrained wp-container-core-group-is-layout-55bdcacf wp-block-group-is-layout-constrained\" style=\"padding-top:var(--wp--preset--spacing--xl);padding-bottom:var(--wp--preset--spacing--xl)\">\n<div class=\"wp-block-columns wrapper-sticky is-layout-flex wp-container-core-columns-is-layout-48f035cc wp-block-columns-is-layout-flex\">\n<div class=\"wp-block-column is-layout-flow wp-block-column-is-layout-flow\" style=\"padding-top:var(--wp--preset--spacing--m)\">\n<p class=\"is-style-hrz-p--base has-n-950-color has-text-color has-link-color has-xs-font-size wp-elements-25d4619b323b4bc5cf1951bafb6a9d34\" style=\"margin-top:var(--wp--preset--spacing--m)\">Am Fu\u00dfe der Alpen, in 1700 m H\u00f6he &#8230; ein v\u00f6llig vereister Campingplatz: <strong>Whitepod<\/strong>! Auf diesem Campingplatz empfangen Sie 15 &#8220;Pods&#8221;, geod\u00e4tische Zelte (eine Struktur aus Dreiecken, die steifste geometrische Form, die der Mensch kennt), die aus Polyester mit isolierenden Komponenten aus der Nasa hergestellt wurden, um einen v\u00f6llig verr\u00fcckten Aufenthalt zu verbringen! Eine gem\u00fctliche Einrichtung, weiche Teppiche, Holzofen, Wasserkocher, Savoyer Fondue&#8230; und 7 km private Pisten machen diesen Campingplatz zu einem wirklich au\u00dfergew\u00f6hnlichen Ort! <\/p>\n<\/div>\n<\/div>\n<\/div>\n<\/div>\n","protected":false},"excerpt":{"rendered":"<p>Am Fu\u00dfe der Alpen, auf 1700m H\u00f6he &#8230; ein v\u00f6llig vereister Campingplatz: der Whitepod!<\/p>\n","protected":false},"author":1,"featured_media":4665,"comment_status":"closed","ping_status":"open","sticky":false,"template":"","format":"standard","meta":{"_acf_changed":false,"_seopress_robots_primary_cat":"","_seopress_titles_title":"Die etwas verr\u00fcckten Campingpl\u00e4tze 2 | Camping La Guichardi\u00e8re","_seopress_titles_desc":"Am Fu\u00dfe der Alpen, in 1700m H\u00f6he ... ein v\u00f6llig vereister Campingplatz: Whitepod! Auf diesem Campingplatz gibt es 15 \"Pods\", geod\u00e4tische Zelte (eine Struktur, die aus Dreiecken besteht, die die Form der Erde bilden). ","_seopress_robots_index":"","footnotes":""},"categories":[36],"tags":[],"class_list":["post-4664","post","type-post","status-publish","format-standard","has-post-thumbnail","hentry","category-nachrichten"],"acf":[],"_links":{"self":[{"href":"https:\/\/www.camping-laguichardiere.net\/de\/wp-json\/wp\/v2\/posts\/4664","targetHints":{"allow":["GET"]}}],"collection":[{"href":"https:\/\/www.camping-laguichardiere.net\/de\/wp-json\/wp\/v2\/posts"}],"about":[{"href":"https:\/\/www.camping-laguichardiere.net\/de\/wp-json\/wp\/v2\/types\/post"}],"author":[{"embeddable":true,"href":"https:\/\/www.camping-laguichardiere.net\/de\/wp-json\/wp\/v2\/users\/1"}],"replies":[{"embeddable":true,"href":"https:\/\/www.camping-laguichardiere.net\/de\/wp-json\/wp\/v2\/comments?post=4664"}],"version-history":[{"count":1,"href":"https:\/\/www.camping-laguichardiere.net\/de\/wp-json\/wp\/v2\/posts\/4664\/revisions"}],"predecessor-version":[{"id":4667,"href":"https:\/\/www.camping-laguichardiere.net\/de\/wp-json\/wp\/v2\/posts\/4664\/revisions\/4667"}],"wp:featuredmedia":[{"embeddable":true,"href":"https:\/\/www.camping-laguichardiere.net\/de\/wp-json\/wp\/v2\/media\/4665"}],"wp:attachment":[{"href":"https:\/\/www.camping-laguichardiere.net\/de\/wp-json\/wp\/v2\/media?parent=4664"}],"wp:term":[{"taxonomy":"category","embeddable":true,"href":"https:\/\/www.camping-laguichardiere.net\/de\/wp-json\/wp\/v2\/categories?post=4664"},{"taxonomy":"post_tag","embeddable":true,"href":"https:\/\/www.camping-laguichardiere.net\/de\/wp-json\/wp\/v2\/tags?post=4664"}],"curies":[{"name":"wp","href":"https:\/\/api.w.org\/{rel}","templated":true}]}}