{"id":4689,"date":"2018-09-14T14:05:25","date_gmt":"2018-09-14T14:05:25","guid":{"rendered":"https:\/\/www.camping-laguichardiere.net\/die-rueckkehr-aus-dem-urlaub\/"},"modified":"2026-03-06T15:25:56","modified_gmt":"2026-03-06T15:25:56","slug":"die-rueckkehr-aus-dem-urlaub","status":"publish","type":"post","link":"https:\/\/www.camping-laguichardiere.net\/de\/die-rueckkehr-aus-dem-urlaub\/","title":{"rendered":"Die R\u00fcckkehr aus dem Urlaub&#8230;!"},"content":{"rendered":"\n<div class=\"wp-block-group alignfull is-layout-flow wp-block-group-is-layout-flow\">\n<div style=\"background-image:url(&apos;https:\/\/www.camping-laguichardiere.net\/wp-content\/uploads\/2025\/10\/GUICHARDIERE-2025-ESE-183.webp&apos;);background-size:cover;\" class=\"wp-block-group alignfull hero-lg-simple is-style-gd-image-dark has-n-50-color has-text-color has-link-color wp-elements-9498ad0571efb94d25f8dc115843c54e has-global-padding is-layout-constrained wp-container-core-group-is-layout-f36bc466 wp-block-group-is-layout-constrained has-background\"><h1 class=\"has-text-align-center wp-block-post-title\">Die R\u00fcckkehr aus dem Urlaub&#8230;!<\/h1><\/div>\n\n\n\n<div class=\"wp-block-group alignfull hrz-content-sticky has-n-50-background-color has-background has-global-padding is-layout-constrained wp-container-core-group-is-layout-55bdcacf wp-block-group-is-layout-constrained\" style=\"padding-top:var(--wp--preset--spacing--xl);padding-bottom:var(--wp--preset--spacing--xl)\">\n<div class=\"wp-block-columns wrapper-sticky is-layout-flex wp-container-core-columns-is-layout-48f035cc wp-block-columns-is-layout-flex\">\n<div class=\"wp-block-column is-layout-flow wp-block-column-is-layout-flow\" style=\"padding-top:var(--wp--preset--spacing--m)\">\n<div class=\"wp-block-group is-c-mobile is-vertical is-layout-flex wp-container-core-group-is-layout-8db92f92 wp-block-group-is-layout-flex\">\n<h2 class=\"wp-block-heading is-style-hrz-title--sub\">Eine Urlaubspause auf dem Campingplatz f\u00fcr eine Br\u00fccke im Mai<\/h2>\n<\/div>\n\n\n\n<p class=\"is-style-hrz-p--base has-n-950-color has-text-color has-link-color has-xs-font-size wp-elements-c693b698e536e7d85548d572a2ef0e4d\" style=\"margin-top:var(--wp--preset--spacing--m)\">Sie sind aus dem Urlaub zur\u00fcck und haben schon wieder Lust zu gehen? Hier sind einige Ideen, die Sie aufmuntern werden! <\/p>\n\n\n\n<p class=\"is-style-hrz-p--base has-n-950-color has-text-color has-link-color has-xs-font-size wp-elements-8d33e173bc807c50afc2f73a2f59cd7f\" style=\"margin-top:var(--wp--preset--spacing--m)\">Sie haben gerade das Fotoalbum Ihres letzten Urlaubs zusammengestellt und der Blues nach der R\u00fcckkehr ist da, was sollen Sie tun?<\/p>\n\n\n\n<p class=\"is-style-hrz-p--base has-n-950-color has-text-color has-link-color has-xs-font-size wp-elements-f3e1a4ae7d3d1ce7aebf69b951d4c1a6\" style=\"margin-top:var(--wp--preset--spacing--m)\">Bereiten Sie die n\u00e4chsten vor! Selbst ein kurzes Wochenende ist Balsam f\u00fcr die Seele! Ob zu zweit oder mit der Familie, ganz in der N\u00e4he oder am anderen Ende der Welt, es spielt keine Rolle, Hauptsache, Sie kommen aus dem Alltag heraus!  <\/p>\n\n\n\n<p class=\"is-style-hrz-p--base has-n-950-color has-text-color has-link-color has-xs-font-size wp-elements-5a4672fe4a344295029dfea3a43b4a65\" style=\"margin-top:var(--wp--preset--spacing--m)\">Setzen Sie den Sport fort, den Sie im Campingclub begonnen haben! Sie sind diesen Sommer gewandert, geschwommen, haben Zumba im Wasser entdeckt oder sind s\u00fcchtig nach Bauch-Beine-Po geworden&#8230;? Treten Sie einem Club in Ihrer N\u00e4he bei oder setzen Sie die Wanderungen mit einer kleinen Gruppe von motivierten Freunden fort!  <\/p>\n\n\n\n<p class=\"is-style-hrz-p--base has-n-950-color has-text-color has-link-color has-xs-font-size wp-elements-e7a337de876841b51978fd1b0a5b9779\" style=\"margin-top:var(--wp--preset--spacing--m)\">Hier finden Sie Rezepte f\u00fcr Gerichte, die Sie w\u00e4hrend Ihres Urlaubs entdeckt haben und die Sie zu Hause nachkochen k\u00f6nnen. Sie haben die bretonischen Galettes geliebt, es ist ganz einfach, sie zu Hause zuzubereiten&#8230; ein wenig Buchweizenmehl, Schinken, Ei, K\u00e4se als F\u00fcllung und schon sind Sie wieder im Urlaub! <\/p>\n\n\n\n<p class=\"is-style-hrz-p--base has-n-950-color has-text-color has-link-color has-xs-font-size wp-elements-7aa06cc2940aa4f826f457a0ef2e4edb\" style=\"margin-top:var(--wp--preset--spacing--m)\"><strong>Rezept f\u00fcr bretonische Galettes (f\u00fcr Anf\u00e4nger!) :<\/strong><\/p>\n\n\n\n<p class=\"is-style-hrz-p--base has-n-950-color has-text-color has-link-color has-xs-font-size wp-elements-acf472f6f6186f8eff0a1a7f7dd63267\" style=\"margin-top:var(--wp--preset--spacing--m)\"><strong>Der Teig (f\u00fcr ca. 12 Galettes)<\/strong><\/p>\n\n\n\n<p class=\"is-style-hrz-p--base has-n-950-color has-text-color has-link-color has-xs-font-size wp-elements-135c518e9c72b31f0bafe2760064362a\" style=\"margin-top:var(--wp--preset--spacing--m)\">230 g Buchweizenmehl und 100 g Weizenmehl<br\/>50 cl Wasser und 25 cl Milch<br\/>10 g grobes Salz<br\/>2 Eier<br\/>Butter<\/p>\n\n\n\n<p class=\"is-style-hrz-p--base has-n-950-color has-text-color has-link-color has-xs-font-size wp-elements-95891441741dfaaa1c67011a1f04c553\" style=\"margin-top:var(--wp--preset--spacing--m)\">Vertiefen Sie das Buchweizen- und Weizenmehl mit dem Salz (am besten aus Gu\u00e9rande!) in einer Sch\u00fcssel. Gie\u00dfen Sie nach und nach die Wasser-Milch-Mischung hinzu und verr\u00fchren Sie sie kr\u00e4ftig mit einem Holzl\u00f6ffel. So erhalten Sie einen fl\u00fcssigen, dicken Teig. Geben Sie die Eier hinzu und verr\u00fchren Sie alles gut.<br\/>Lassen Sie den Teig etwa 2 Stunden im K\u00fchlschrank ruhen und decken Sie ihn mit einem K\u00fcchentuch ab.   <\/p>\n\n\n\n<p class=\"is-style-hrz-p--base has-n-950-color has-text-color has-link-color has-xs-font-size wp-elements-54d5ca5690fd583f3c366f60a750107e\" style=\"margin-top:var(--wp--preset--spacing--m)\">Zum Backen: Geben Sie Butter in Ihre Pfanne und stellen Sie sie auf mittlere Hitze, gie\u00dfen Sie eine Kelle Teig hinein und kippen Sie die Pfanne sehr schnell, um den Teig auf der gesamten Oberfl\u00e4che zu verteilen. Backen Sie eine Seite f\u00fcr etwa 1 bis 2 Minuten. Stapeln Sie sie auf einem Teller und warten Sie darauf, sie zu garnieren!  <\/p>\n\n\n\n<p class=\"is-style-hrz-p--base has-n-950-color has-text-color has-link-color has-xs-font-size wp-elements-df4952bc6757fc4dded9e27f9528502a\" style=\"margin-top:var(--wp--preset--spacing--m)\">Wenn Sie zu Tisch gehen, legen Sie einen Fladen (mit der rohen Seite) in die Pfanne und f\u00fcllen Sie ihn nach Belieben mit Schinken, Ei, K\u00e4se, Fisch, Wurst, Gem\u00fcse, R\u00f6stzwiebeln&#8230;, schlie\u00dfen Sie ihn und geben Sie ein St\u00fcckchen Butter hinzu&#8230; Guten Appetit! <\/p>\n\n\n\n<p class=\"is-style-hrz-p--base has-n-950-color has-text-color has-link-color has-xs-font-size wp-elements-f8f4a1b4dcfd34ea538f7bca77086383\" style=\"margin-top:var(--wp--preset--spacing--m)\">Ich hoffe, dass ich Sie ein wenig aufmuntern konnte, um den Herbst zu bew\u00e4ltigen&#8230;!<\/p>\n<\/div>\n<\/div>\n<\/div>\n<\/div>\n","protected":false},"excerpt":{"rendered":"<p>Sie sind aus dem Urlaub zur\u00fcck und haben schon wieder Lust zu gehen? Hier sind einige Ideen, die Sie aufmuntern werden! <\/p>\n","protected":false},"author":1,"featured_media":4691,"comment_status":"closed","ping_status":"closed","sticky":false,"template":"","format":"standard","meta":{"_acf_changed":false,"_seopress_robots_primary_cat":"","_seopress_titles_title":"Die R\u00fcckkehr aus dem Urlaub...! | Camping La Guichardi\u00e8re ","_seopress_titles_desc":"Sie sind aus dem Urlaub zur\u00fcck und haben schon wieder Lust zu gehen? Hier sind einige Ideen, die Sie aufmuntern! Sie haben gerade das Fotoalbum Ihres letzten Urlaubs zusammengestellt und der Blues nach der R\u00fcckkehr macht Ihnen zu schaffen.  ","_seopress_robots_index":"","footnotes":""},"categories":[36],"tags":[],"class_list":["post-4689","post","type-post","status-publish","format-standard","has-post-thumbnail","hentry","category-nachrichten"],"acf":[],"_links":{"self":[{"href":"https:\/\/www.camping-laguichardiere.net\/de\/wp-json\/wp\/v2\/posts\/4689","targetHints":{"allow":["GET"]}}],"collection":[{"href":"https:\/\/www.camping-laguichardiere.net\/de\/wp-json\/wp\/v2\/posts"}],"about":[{"href":"https:\/\/www.camping-laguichardiere.net\/de\/wp-json\/wp\/v2\/types\/post"}],"author":[{"embeddable":true,"href":"https:\/\/www.camping-laguichardiere.net\/de\/wp-json\/wp\/v2\/users\/1"}],"replies":[{"embeddable":true,"href":"https:\/\/www.camping-laguichardiere.net\/de\/wp-json\/wp\/v2\/comments?post=4689"}],"version-history":[{"count":1,"href":"https:\/\/www.camping-laguichardiere.net\/de\/wp-json\/wp\/v2\/posts\/4689\/revisions"}],"predecessor-version":[{"id":4693,"href":"https:\/\/www.camping-laguichardiere.net\/de\/wp-json\/wp\/v2\/posts\/4689\/revisions\/4693"}],"wp:featuredmedia":[{"embeddable":true,"href":"https:\/\/www.camping-laguichardiere.net\/de\/wp-json\/wp\/v2\/media\/4691"}],"wp:attachment":[{"href":"https:\/\/www.camping-laguichardiere.net\/de\/wp-json\/wp\/v2\/media?parent=4689"}],"wp:term":[{"taxonomy":"category","embeddable":true,"href":"https:\/\/www.camping-laguichardiere.net\/de\/wp-json\/wp\/v2\/categories?post=4689"},{"taxonomy":"post_tag","embeddable":true,"href":"https:\/\/www.camping-laguichardiere.net\/de\/wp-json\/wp\/v2\/tags?post=4689"}],"curies":[{"name":"wp","href":"https:\/\/api.w.org\/{rel}","templated":true}]}}