{"id":4743,"date":"2017-06-27T14:40:25","date_gmt":"2017-06-27T14:40:25","guid":{"rendered":"https:\/\/www.camping-laguichardiere.net\/veranstaltungen-im-sommer\/"},"modified":"2026-03-06T15:30:49","modified_gmt":"2026-03-06T15:30:49","slug":"veranstaltungen-im-sommer","status":"publish","type":"post","link":"https:\/\/www.camping-laguichardiere.net\/de\/veranstaltungen-im-sommer\/","title":{"rendered":"Veranstaltungen im Sommer"},"content":{"rendered":"\n<div class=\"wp-block-group alignfull is-layout-flow wp-block-group-is-layout-flow\">\n<div style=\"background-image:url(&apos;https:\/\/www.camping-laguichardiere.net\/wp-content\/uploads\/2025\/10\/GUICHARDIERE-2025-ESE-183.webp&apos;);background-size:cover;\" class=\"wp-block-group alignfull hero-lg-simple is-style-gd-image-dark has-n-50-color has-text-color has-link-color wp-elements-9498ad0571efb94d25f8dc115843c54e has-global-padding is-layout-constrained wp-container-core-group-is-layout-f36bc466 wp-block-group-is-layout-constrained has-background\"><h1 class=\"has-text-align-center wp-block-post-title\">Veranstaltungen im Sommer<\/h1><\/div>\n\n\n\n<div class=\"wp-block-group alignfull hrz-content-sticky has-n-50-background-color has-background has-global-padding is-layout-constrained wp-container-core-group-is-layout-55bdcacf wp-block-group-is-layout-constrained\" style=\"padding-top:var(--wp--preset--spacing--xl);padding-bottom:var(--wp--preset--spacing--xl)\">\n<div class=\"wp-block-columns wrapper-sticky is-layout-flex wp-container-core-columns-is-layout-48f035cc wp-block-columns-is-layout-flex\">\n<div class=\"wp-block-column is-layout-flow wp-block-column-is-layout-flow\" style=\"padding-top:var(--wp--preset--spacing--m)\">\n<div class=\"wp-block-group is-c-mobile is-vertical is-layout-flex wp-container-core-group-is-layout-8db92f92 wp-block-group-is-layout-flex\">\n<h2 class=\"wp-block-heading is-style-hrz-title--sub\"><strong>Die Feierlichkeiten am 13. und 14. Juli<\/strong><\/h2>\n<\/div>\n\n\n\n<p class=\"is-style-hrz-p--base has-n-950-color has-text-color has-link-color wp-elements-e7b5f2bab39d5428cd2f9e29c4cb23ff\" style=\"margin-top:var(--wp--preset--spacing--m)\"><strong>Am 13. in Pr\u00e9failles<\/strong> ab 21 Uhr: Verteilung von Lampions, gefolgt von einem Fackelzug, der an der Kapelle beginnt und von der Musikkapelle &#8220;Banda ambiance Pornichet&#8221; begleitet wird. Von 22 Uhr bis 2 Uhr morgens: Volkstanz in der Avenue de la Plage Eric Tabarly, untermalt von Private DJ. <strong>Um 23.00 Uhr Feuerwerk<\/strong> mit keltischem Thema. Den ganzen Abend \u00fcber: Animationen, Kinderkarussells und Schaustellerbuden im Zentrum des Ortes.  <br\/><strong>Am 13. in Tharon-Plage<\/strong>: <strong>Gegen 22.45 Uhr Feuerwerk<\/strong> an der Esplanade du Port de Comberge, Boulevard de l&#8217;Oc\u00e9an. Tanz ab 21.00 Uhr bis 1.00 Uhr mit <strong>DJ Blue Star<\/strong>. <br\/><strong>Am 14. in La Plaine sur Mer<\/strong> ab 18 Uhr: Abfahrt von La Pr\u00e9e. Wagenparade, <strong>um 23.00 Uhr Feuerwerk<\/strong> an der Tara, gefolgt von einem Konzert. Bar und kleine Snacks vor Ort.  <br\/><strong>Am 14. in Pornic <\/strong>ab 18.00 Uhr: Miesmuschelfest am Alten Hafen und <strong>gegen 23.00 Uhr Feuerwerk<\/strong> am Strand des Schlosses.<br\/><strong>Am 14. in Saint-Br\u00e9vin<\/strong> ab 22.30 Uhr: Lampionumzug mit anschlie\u00dfendem <strong>Feuerwerk <\/strong>Plage de l&#8217;Oc\u00e9an.<br\/><strong>Am 16. Juli in Pr\u00e9failles<\/strong>: Parade von Retro-Autos durch den Ort.<br\/><strong>Am 17., 24. und 31. Juli in Saint-Br\u00e9vin les Pins<\/strong>: ab 22.30 Uhr Himmelsbeobachtung (Parkplatz des Coll\u00e8ge Saint-Joseph).<br\/><strong>Vom 17. bis 21. Juli in St Hilaire de Chal\u00e9ons<\/strong>: Les <strong>Vacances Spectaculaires<\/strong>, ein Aufenthalt mit Zirkusk\u00fcnsten und urbanen Kulturen f\u00fcr 11- bis 15-J\u00e4hrige.<br\/><strong>Am 19. Juli in La Bernerie en Retz<\/strong>: <strong>Rock&#8217;n Square<\/strong> ab 21 Uhr am Grande Plage.<br\/><strong>Am 19. Juli in Pornic<\/strong>: Kostenloses Konzert von <strong>Cali<\/strong> ab 21 Uhr auf der Esplanade de la Ria.<br\/><strong>Am 19. Juli in La Bernerie en Retz<\/strong>, ab 15 Uhr: <strong>Gro\u00dfe Schatzsuche<\/strong> am Grande Plage.<br\/><strong>Jeden Mittwoch in Saint-Br\u00e9vin<\/strong> ab 21.00 Uhr: <strong>Open-Air-Konzert<\/strong>, Boulevard de l&#8217;Oc\u00e9an.<br\/><strong>Am 21. Juli in Pr\u00e9failles<\/strong>, ab 21.00 Uhr: Konzert der <strong>Cats Food<\/strong> auf dem Place du March\u00e9.<br\/><strong>Am 21., 22. und 23. Juli in St Hilaire de Chal\u00e9ons<\/strong>: Les <strong>Zendimanch\u00e9s<\/strong>, Stra\u00dfenkunst- und Musikfestival.<br\/><strong>Am 22. Juli in Pornic<\/strong>: <strong>F\u00eate de la Galette<\/strong> ab 18 Uhr am Plage du Porteau. Feuerwerk gegen 23 Uhr. <br\/><strong>23. Juli in Saint-Br\u00e9vin les Pins<\/strong>: <strong>F\u00eate de la Mer<\/strong> von 8.00 bis 18.00 Uhr.<br\/><strong>Am 24. Juli in La Bernerie en Retz<\/strong>: <strong>Einf\u00fchrung in den bretonischen Tanz<\/strong> ab 20.30 Uhr in Les Halles.<br\/><strong>Am 25. Juli in Pornic<\/strong> ab 21 Uhr am Vieux Port: Kostenlose Show von <strong>Immo-French Touch Made in German<\/strong> (Jonglage, Zauberei, Musik und Akrobatik).<br\/><strong>26. Juli in Pornic<\/strong> ab 17 Uhr: Kindervorstellung der Gesellschaft <strong>La Baraque \u00e0 Plume<\/strong>.<br\/><strong>Am 26. Juli in La Bernerie en Retz<\/strong> von 14:00 bis 18:30 Uhr: <strong>Historische Untersuchung f\u00fcr Kinder<\/strong> (6 bis 12 Jahre). Gehen Sie durch die Stadt auf der Suche nach Hinweisen, die Sie zum Haus der Geschichte f\u00fchren! <br\/><strong>Vom 27. bis 29. Juli in Pr\u00e9failles<\/strong>: <strong>Les Musicales de Pr\u00e9failles<\/strong> &#8211; Reservierung im Rathaus.<br\/><strong>Am 28. Juli in Pornic<\/strong> von 10 bis 23 Uhr: <strong>Ride in Pornic<\/strong>. Entdecken Sie die Gleitsportarten! <br\/><strong>Am 28. Juli in Les Moutiers en Retz<\/strong> ab 16.00 Uhr: <strong>Sandkonstruktionen<\/strong> f\u00fcr alle.<br\/><strong>Vom 28. bis 30. Juli in Saint Michel Chef-Chef<\/strong>: Celtijade Festival &#8211; 3 Tage Fest mit Musik, Tanz und Gesang f\u00fcr Ihren Aufenthalt!<\/p>\n<\/div>\n<\/div>\n<\/div>\n<\/div>\n","protected":false},"excerpt":{"rendered":"<p>Die Feierlichkeiten am 13. und 14. Juli<\/p>\n","protected":false},"author":1,"featured_media":4744,"comment_status":"closed","ping_status":"open","sticky":false,"template":"","format":"standard","meta":{"_acf_changed":false,"_seopress_robots_primary_cat":"none","_seopress_titles_title":"Sommerveranstaltungen | Camping La Guichardi\u00e8re","_seopress_titles_desc":"Die Feierlichkeiten am 13. und 14. Juli: Am 13. in Pr\u00e9failles ab 21 Uhr: Verteilung von Lampions, gefolgt von einem Fackelzug von der Kapelle aus mit der Musikkapelle 'Banda ambiance","_seopress_robots_index":"","footnotes":""},"categories":[36],"tags":[],"class_list":["post-4743","post","type-post","status-publish","format-standard","has-post-thumbnail","hentry","category-nachrichten"],"acf":[],"_links":{"self":[{"href":"https:\/\/www.camping-laguichardiere.net\/de\/wp-json\/wp\/v2\/posts\/4743","targetHints":{"allow":["GET"]}}],"collection":[{"href":"https:\/\/www.camping-laguichardiere.net\/de\/wp-json\/wp\/v2\/posts"}],"about":[{"href":"https:\/\/www.camping-laguichardiere.net\/de\/wp-json\/wp\/v2\/types\/post"}],"author":[{"embeddable":true,"href":"https:\/\/www.camping-laguichardiere.net\/de\/wp-json\/wp\/v2\/users\/1"}],"replies":[{"embeddable":true,"href":"https:\/\/www.camping-laguichardiere.net\/de\/wp-json\/wp\/v2\/comments?post=4743"}],"version-history":[{"count":1,"href":"https:\/\/www.camping-laguichardiere.net\/de\/wp-json\/wp\/v2\/posts\/4743\/revisions"}],"predecessor-version":[{"id":4747,"href":"https:\/\/www.camping-laguichardiere.net\/de\/wp-json\/wp\/v2\/posts\/4743\/revisions\/4747"}],"wp:featuredmedia":[{"embeddable":true,"href":"https:\/\/www.camping-laguichardiere.net\/de\/wp-json\/wp\/v2\/media\/4744"}],"wp:attachment":[{"href":"https:\/\/www.camping-laguichardiere.net\/de\/wp-json\/wp\/v2\/media?parent=4743"}],"wp:term":[{"taxonomy":"category","embeddable":true,"href":"https:\/\/www.camping-laguichardiere.net\/de\/wp-json\/wp\/v2\/categories?post=4743"},{"taxonomy":"post_tag","embeddable":true,"href":"https:\/\/www.camping-laguichardiere.net\/de\/wp-json\/wp\/v2\/tags?post=4743"}],"curies":[{"name":"wp","href":"https:\/\/api.w.org\/{rel}","templated":true}]}}