{"id":4761,"date":"2017-11-30T14:32:04","date_gmt":"2017-11-30T14:32:04","guid":{"rendered":"https:\/\/www.camping-laguichardiere.net\/die-saison-2018-auf-dem-campingplatz-flower-la-guichardiere\/"},"modified":"2026-03-06T15:31:01","modified_gmt":"2026-03-06T15:31:01","slug":"die-saison-2018-auf-dem-campingplatz-flower-la-guichardiere","status":"publish","type":"post","link":"https:\/\/www.camping-laguichardiere.net\/de\/die-saison-2018-auf-dem-campingplatz-flower-la-guichardiere\/","title":{"rendered":"Die Saison 2018 auf dem Campingplatz Flower la Guichardi\u00e8re"},"content":{"rendered":"\n<div class=\"wp-block-group alignfull is-layout-flow wp-block-group-is-layout-flow\">\n<div style=\"background-image:url(&apos;https:\/\/www.camping-laguichardiere.net\/wp-content\/uploads\/2025\/10\/GUICHARDIERE-2025-ESE-183.webp&apos;);background-size:cover;\" class=\"wp-block-group alignfull hero-lg-simple is-style-gd-image-dark has-n-50-color has-text-color has-link-color wp-elements-9498ad0571efb94d25f8dc115843c54e has-global-padding is-layout-constrained wp-container-core-group-is-layout-f36bc466 wp-block-group-is-layout-constrained has-background\"><h1 class=\"has-text-align-center wp-block-post-title\">Die Saison 2018 auf dem Campingplatz Flower la Guichardi\u00e8re<\/h1><\/div>\n\n\n\n<div class=\"wp-block-group alignfull hrz-content-sticky has-n-50-background-color has-background has-global-padding is-layout-constrained wp-container-core-group-is-layout-55bdcacf wp-block-group-is-layout-constrained\" style=\"padding-top:var(--wp--preset--spacing--xl);padding-bottom:var(--wp--preset--spacing--xl)\">\n<div class=\"wp-block-columns wrapper-sticky is-layout-flex wp-container-core-columns-is-layout-48f035cc wp-block-columns-is-layout-flex\">\n<div class=\"wp-block-column is-layout-flow wp-block-column-is-layout-flow\" style=\"padding-top:var(--wp--preset--spacing--m)\">\n<p class=\"is-style-hrz-p--base has-n-950-color has-text-color has-link-color has-xs-font-size wp-elements-f33c3618496cee84a4bc4fb820416b50\" style=\"margin-top:var(--wp--preset--spacing--m)\"><strong>La Guichardi\u00e8re ist Teil der Campingplatzkette Flower<\/strong>. Flower ist das erste Campingnetzwerk in Frankreich und bietet Ihnen eine Auswahl an \u00fcberschaubaren Campingpl\u00e4tzen mit unterschiedlichem Service, um Ihren Erwartungen gerecht zu werden: ein romantisches <strong>Wochenende<\/strong> in einem <strong>Mobilheim<\/strong> oder einem <strong>Chalet<\/strong>, ein Urlaub mit der Familie oder mit Freunden, unsere <strong>Campingkette<\/strong> empf\u00e4ngt Sie in aller Freundlichkeit! <\/p>\n\n\n\n<p class=\"is-style-hrz-p--base has-n-950-color has-text-color has-link-color has-xs-font-size wp-elements-2b6c90ee4cb2195e7d50538a9830031d\" style=\"margin-top:var(--wp--preset--spacing--m)\"><strong>F\u00fcr die Saison 2018<\/strong> sind die Angebote immer noch aktuell: z.B. die Liebeswochen f\u00fcr 196 Euro f\u00fcr Mai\/Juni\/September f\u00fcr Mobilheime mit 1 Schlafzimmer oder das Angebot 7 N\u00e4chte zum Preis von 6 f\u00fcr Stellpl\u00e4tze.<\/p>\n\n\n\n<p class=\"is-style-hrz-p--base has-n-950-color has-text-color has-link-color has-xs-font-size wp-elements-7e70c9d859e3bcee65b588ce041c7066\" style=\"margin-top:var(--wp--preset--spacing--m)\">Und wenn Sie sich in den Sommer versetzen wollen, w\u00e4hrend es drau\u00dfen grau ist, dann sollten Sie wissen, dass Sie <strong>5% Rabatt<\/strong> erhalten, wenn Sie Ihren Aufenthalt vor dem 31. Januar buchen!<\/p>\n<\/div>\n<\/div>\n<\/div>\n<\/div>\n","protected":false},"excerpt":{"rendered":"<p>La Guichardi\u00e8re ist Teil der Campingplatzkette Flower. Flower ist das erste Campingnetzwerk in Frankreich und bietet Ihnen eine Auswahl an \u00fcberschaubaren Campingpl\u00e4tzen mit unterschiedlichem Service, um Ihren Erwartungen gerecht zu werden: ein romantisches Wochenende in einem Mobilheim oder einem Chalet, ein Urlaub mit der Familie oder mit Freunden, unsere Campingkette empf\u00e4ngt Sie in aller Freundlichkeit! <\/p>\n","protected":false},"author":1,"featured_media":4763,"comment_status":"closed","ping_status":"open","sticky":false,"template":"","format":"standard","meta":{"_acf_changed":false,"_seopress_robots_primary_cat":"","_seopress_titles_title":"Die Saison 2018 auf dem Campingplatz Flower la Guichardi\u00e8re | Camping La Guichardi\u00e8re","_seopress_titles_desc":"La Guichardi\u00e8re ist Teil der Campingplatz-Kette Flower. Flower ist das erste Campingnetzwerk in Frankreich und bietet Ihnen eine Auswahl an \u00fcberschaubaren Campingpl\u00e4tzen mit unterschiedlichem Service f\u00fcr ","_seopress_robots_index":"","footnotes":""},"categories":[36],"tags":[],"class_list":["post-4761","post","type-post","status-publish","format-standard","has-post-thumbnail","hentry","category-nachrichten"],"acf":[],"_links":{"self":[{"href":"https:\/\/www.camping-laguichardiere.net\/de\/wp-json\/wp\/v2\/posts\/4761","targetHints":{"allow":["GET"]}}],"collection":[{"href":"https:\/\/www.camping-laguichardiere.net\/de\/wp-json\/wp\/v2\/posts"}],"about":[{"href":"https:\/\/www.camping-laguichardiere.net\/de\/wp-json\/wp\/v2\/types\/post"}],"author":[{"embeddable":true,"href":"https:\/\/www.camping-laguichardiere.net\/de\/wp-json\/wp\/v2\/users\/1"}],"replies":[{"embeddable":true,"href":"https:\/\/www.camping-laguichardiere.net\/de\/wp-json\/wp\/v2\/comments?post=4761"}],"version-history":[{"count":1,"href":"https:\/\/www.camping-laguichardiere.net\/de\/wp-json\/wp\/v2\/posts\/4761\/revisions"}],"predecessor-version":[{"id":4765,"href":"https:\/\/www.camping-laguichardiere.net\/de\/wp-json\/wp\/v2\/posts\/4761\/revisions\/4765"}],"wp:featuredmedia":[{"embeddable":true,"href":"https:\/\/www.camping-laguichardiere.net\/de\/wp-json\/wp\/v2\/media\/4763"}],"wp:attachment":[{"href":"https:\/\/www.camping-laguichardiere.net\/de\/wp-json\/wp\/v2\/media?parent=4761"}],"wp:term":[{"taxonomy":"category","embeddable":true,"href":"https:\/\/www.camping-laguichardiere.net\/de\/wp-json\/wp\/v2\/categories?post=4761"},{"taxonomy":"post_tag","embeddable":true,"href":"https:\/\/www.camping-laguichardiere.net\/de\/wp-json\/wp\/v2\/tags?post=4761"}],"curies":[{"name":"wp","href":"https:\/\/api.w.org\/{rel}","templated":true}]}}