{"id":4792,"date":"2017-06-13T14:45:08","date_gmt":"2017-06-13T14:45:08","guid":{"rendered":"https:\/\/www.camping-laguichardiere.net\/eine-woche-zu-zweit\/"},"modified":"2026-03-06T15:32:02","modified_gmt":"2026-03-06T15:32:02","slug":"eine-woche-zu-zweit","status":"publish","type":"post","link":"https:\/\/www.camping-laguichardiere.net\/de\/eine-woche-zu-zweit\/","title":{"rendered":"Eine Woche zu zweit"},"content":{"rendered":"\n<div class=\"wp-block-group alignfull is-layout-flow wp-block-group-is-layout-flow\">\n<div style=\"background-image:url(&apos;https:\/\/www.camping-laguichardiere.net\/wp-content\/uploads\/2025\/10\/GUICHARDIERE-2025-ESE-183.webp&apos;);background-size:cover;\" class=\"wp-block-group alignfull hero-lg-simple is-style-gd-image-dark has-n-50-color has-text-color has-link-color wp-elements-9498ad0571efb94d25f8dc115843c54e has-global-padding is-layout-constrained wp-container-core-group-is-layout-f36bc466 wp-block-group-is-layout-constrained has-background\"><h1 class=\"has-text-align-center wp-block-post-title\">Eine Woche zu zweit<\/h1><\/div>\n\n\n\n<div class=\"wp-block-group alignfull hrz-content-sticky has-n-50-background-color has-background has-global-padding is-layout-constrained wp-container-core-group-is-layout-55bdcacf wp-block-group-is-layout-constrained\" style=\"padding-top:var(--wp--preset--spacing--xl);padding-bottom:var(--wp--preset--spacing--xl)\">\n<div class=\"wp-block-columns wrapper-sticky is-layout-flex wp-container-core-columns-is-layout-48f035cc wp-block-columns-is-layout-flex\">\n<div class=\"wp-block-column is-layout-flow wp-block-column-is-layout-flow\" style=\"padding-top:var(--wp--preset--spacing--m)\">\n<p class=\"is-style-hrz-p--base has-n-950-color has-text-color has-link-color wp-elements-9022eb26284725ef4a950db91e19166c\" style=\"margin-top:var(--wp--preset--spacing--m)\">M\u00f6chten Sie sich entspannen, frische Luft schnappen, die sch\u00f6nen Tage der Zwischensaison genie\u00dfen&#8230;? Profitieren Sie von unseren Sonderangeboten f\u00fcr kleine Mobilheime f\u00fcr 2 Personen den ganzen Monat Juni und September. <\/p>\n\n\n\n<p class=\"is-style-hrz-p--base has-n-950-color has-text-color has-link-color wp-elements-ebd34fb6119a62b8ed21aa522f0ec5ff\" style=\"margin-top:var(--wp--preset--spacing--m)\">Wir haben kleine, gem\u00fctliche Nester f\u00fcr Liebhaber des Angelns, f\u00fcr Liebhaber der frischen Luft, f\u00fcr Liebhaber gro\u00dfer Wanderungen, f\u00fcr Liebhaber des Dolcefarniente, f\u00fcr Liebhaber&#8230; einfach f\u00fcr alle!<\/p>\n<\/div>\n<\/div>\n\n\n\n<div class=\"wp-block-columns wrapper-sticky is-layout-flex wp-container-core-columns-is-layout-48f035cc wp-block-columns-is-layout-flex\">\n<div class=\"wp-block-column is-layout-flow wp-block-column-is-layout-flow\" style=\"padding-top:var(--wp--preset--spacing--m)\">\n<div class=\"wp-block-group is-c-mobile is-vertical is-layout-flex wp-container-core-group-is-layout-8db92f92 wp-block-group-is-layout-flex\">\n<h2 class=\"wp-block-heading is-style-hrz-title--sub\">Eine au\u00dfergew\u00f6hnliche Lage in La Plaine-sur-Mer<\/h2>\n<\/div>\n\n\n\n<p class=\"is-style-hrz-p--base has-n-950-color has-text-color has-link-color wp-elements-773dfd62560804e3abbc4209929aac20\" style=\"margin-top:var(--wp--preset--spacing--m)\">Sie k\u00f6nnen sich eine sympathische Woche in unserer sch\u00f6nen Region zusammenstellen, einige Ideen :<\/p>\n\n\n\n<p class=\"is-style-hrz-p--base has-n-950-color has-text-color has-link-color wp-elements-e06fe23c590b8e861f70d34bf687045b\" style=\"margin-top:var(--wp--preset--spacing--m)\"><strong>Ein Spaziergang \u00fcber den Z\u00f6llnerpfad,<\/strong> die wilde K\u00fcste und ihre Heidefl\u00e4chen, zwischen Klippen und Buchten mit einem kleinen Mittagsstopp in einem der Restaurants von La Gravette, La Tara, La Pr\u00e9e, Pr\u00e9failles oder sogar Pornic, wenn Sie Lust auf eine gro\u00dfe Wanderung haben! Zahlreiche kostenlose Naturwanderungen im Herzen des Pays de Retz werden von der Vereinigung Hirondelle organisiert (Informationen und Anmeldung unter 02 51 74 02 62). <\/p>\n\n\n\n<p class=\"is-style-hrz-p--base has-n-950-color has-text-color has-link-color wp-elements-94d6b2e565051fb947eba29044c978ce\" style=\"margin-top:var(--wp--preset--spacing--m)\"><strong>Ein Tag mit dem Thema Entspannung<\/strong> im Resort H\u00f4tel Thalasso et Spa Alliance Pornic, z.B. der Tag &#8220;Flucht aus der Sonne&#8221;: 1 Hydromassagebad, 1 feuchtigkeitsspendende Baumwollpackung, 1 Modellage mit Kokosnuss\u00f6l (20 Min.) und Zugang zum Fitnessbereich von 9 bis 20 Uhr, Sie werden zen und gest\u00e4rkt aus diesem Tag hervorgehen! Das Zentrum bietet Ihnen 2 Restaurants, &#8220;La Source&#8221;, ein traditionelles Restaurant mit saisonalen Rezepten und Blick auf den Ozean (Meeresfr\u00fcchte-Buffet am Mittwoch) und &#8220;La Terrasse&#8221;, ein 100% biologisches Di\u00e4trestaurant f\u00fcr einen Tag im Zeichen des Gleichgewichts. <\/p>\n\n\n\n<p class=\"is-style-hrz-p--base has-n-950-color has-text-color has-link-color wp-elements-eabf77246e8ad324a5996ae7a78f6c02\" style=\"margin-top:var(--wp--preset--spacing--m)\"><strong>Eine Seekajakfahrt<\/strong>, um die K\u00fcste auf eine andere Art und Weise zu entdecken. Entdecken Sie die kleinen Buchten f\u00fcr Verliebte, die V\u00f6gel, die unsere K\u00fcsten s\u00e4umen, die Fischereien, die Str\u00e4nde und Klippen&#8230; und die Gourmetpausen am Meer! Aber Sie k\u00f6nnen auch die &#8220;l\u00e4ndliche Seite&#8221; von Pornic entdecken, wenn Sie eine Kajakfahrt auf dem Canal de Haute-Perche unternehmen, der sich durch Haine, Fischereien und W\u00e4lder schl\u00e4ngelt, ein ideales Naturgebiet, um die Fauna und Flora zu entdecken (Kayak Nomade in Pornic). In Port Saint P\u00e8re bietet Ihnen Escapade Nature die M\u00f6glichkeit, mit einem Elektroboot die S\u00fcmpfe des Naturschutzgebietes Lac de Granlieu zu besuchen und Reiher, Silberreiher, St\u00f6rche&#8230; und viele andere \u00dcberraschungen zu entdecken, wenn Sie ein guter Beobachter sind. Beenden Sie den Spaziergang im Maison du Lac und tauchen Sie ein in die Geheimnisse des Sees. Sie k\u00f6nnen dienstags und donnerstags auch eine romantische Kajak- oder Stand-up-Paddle-Tour machen (unter Anleitung eines Lehrers).    <\/p>\n\n\n\n<p class=\"is-style-hrz-p--base has-n-950-color has-text-color has-link-color wp-elements-4acb10fc5a62a6f277fbb25d1d3adf83\" style=\"margin-top:var(--wp--preset--spacing--m)\"><strong>Eine Radtour<\/strong>, dank des V\u00e9loc\u00e9an, der gr\u00fcnen Wege oder Radwege, die Sie bis nach Pornic (alter Hafen, Schloss von Gilles de Rais, &#8230;) oder Saint-Michel-Chef-Chef (Galettes und sch\u00f6ne Sandstr\u00e4nde) bringen, f\u00fcr eine Tour, die Landschaft und K\u00fcste miteinander verbindet.<\/p>\n\n\n\n<p class=\"is-style-hrz-p--base has-n-950-color has-text-color has-link-color wp-elements-b39d488470b59661326709381d5eddb8\" style=\"margin-top:var(--wp--preset--spacing--m)\">F\u00fcr Feinschmecker gibt es<strong> viele kleine lokale Produzenten<\/strong>: Miesmuscheln (Baudet in La Plaine sur Mer), Austern (La Perle de jade in La Bernerie, Gadet in Les Moutiers), Wein (Domaine du sillon c\u00f4tier in Les Moutiers), Salz (Salines de Millac und Tenue de Mareil in Les Moutiers), Erdbeeren in allen Formen (La Fraiseraie in Tharon-Plage und Pornic), K\u00e4se (fromagerie du Cur\u00e9 Nantais in Pornic)&#8230;<\/p>\n\n\n\n<p class=\"is-style-hrz-p--base has-n-950-color has-text-color has-link-color wp-elements-29b3871dc68a9a8634f513a622233947\" style=\"margin-top:var(--wp--preset--spacing--m)\">Kurzum, Sie werden sich nicht langweilen und vielleicht sogar Ihren Aufenthalt bei uns verl\u00e4ngern m\u00fcssen!<\/p>\n<\/div>\n\n\n\n<div class=\"wp-block-column sticky-content is-layout-flow wp-block-column-is-layout-flow\">\n<div class=\"wp-block-group is-vertical is-content-justification-right is-layout-flex wp-container-core-group-is-layout-1b2b8a90 wp-block-group-is-layout-flex\">\n<figure class=\"wp-block-image size-full has-custom-border is-one\"><img alt=\"\" decoding=\"async\" width=\"1920\" height=\"1280\" src=\"https:\/\/www.camping-laguichardiere.net\/wp-content\/uploads\/2025\/10\/GUICHARDIERE-2025-ESE-181.webp\" alt=\"\" class=\"wp-image-609\" style=\"border-radius:25px\" srcset=\"https:\/\/www.camping-laguichardiere.net\/wp-content\/uploads\/2025\/10\/GUICHARDIERE-2025-ESE-181.webp 1920w, https:\/\/www.camping-laguichardiere.net\/wp-content\/uploads\/2025\/10\/GUICHARDIERE-2025-ESE-181-300x200.webp 300w, https:\/\/www.camping-laguichardiere.net\/wp-content\/uploads\/2025\/10\/GUICHARDIERE-2025-ESE-181-1024x683.webp 1024w, https:\/\/www.camping-laguichardiere.net\/wp-content\/uploads\/2025\/10\/GUICHARDIERE-2025-ESE-181-768x512.webp 768w, https:\/\/www.camping-laguichardiere.net\/wp-content\/uploads\/2025\/10\/GUICHARDIERE-2025-ESE-181-1440x960.webp 1440w, https:\/\/www.camping-laguichardiere.net\/wp-content\/uploads\/2025\/10\/GUICHARDIERE-2025-ESE-181-1080x720.webp 1080w, https:\/\/www.camping-laguichardiere.net\/wp-content\/uploads\/2025\/10\/GUICHARDIERE-2025-ESE-181-720x480.webp 720w\" sizes=\"(max-width: 1920px) 100vw, 1920px\" \/><\/figure>\n<\/div>\n<\/div>\n<\/div>\n<\/div>\n<\/div>\n","protected":false},"excerpt":{"rendered":"<p>M\u00f6chten Sie sich entspannen, frische Luft schnappen, die sch\u00f6nen Tage der Zwischensaison genie\u00dfen&#8230;? Profitieren Sie von unseren Sonderangeboten f\u00fcr kleine Mobilheime f\u00fcr 2 Personen den ganzen Monat Juni und September. <\/p>\n","protected":false},"author":1,"featured_media":4793,"comment_status":"closed","ping_status":"open","sticky":false,"template":"","format":"standard","meta":{"_acf_changed":false,"_seopress_robots_primary_cat":"none","_seopress_titles_title":"Eine Woche zu zweit | Camping La Guichardi\u00e8re","_seopress_titles_desc":"M\u00f6chten Sie sich entspannen, frische Luft schnappen und die sch\u00f6nen Tage der Zwischensaison genie\u00dfen? Profitieren Sie von unseren Sonderangeboten f\u00fcr kleine Mobilheime f\u00fcr 2 Personen den ganzen Monat Juni und den Monat September. ","_seopress_robots_index":"","footnotes":""},"categories":[36],"tags":[],"class_list":["post-4792","post","type-post","status-publish","format-standard","has-post-thumbnail","hentry","category-nachrichten"],"acf":[],"_links":{"self":[{"href":"https:\/\/www.camping-laguichardiere.net\/de\/wp-json\/wp\/v2\/posts\/4792","targetHints":{"allow":["GET"]}}],"collection":[{"href":"https:\/\/www.camping-laguichardiere.net\/de\/wp-json\/wp\/v2\/posts"}],"about":[{"href":"https:\/\/www.camping-laguichardiere.net\/de\/wp-json\/wp\/v2\/types\/post"}],"author":[{"embeddable":true,"href":"https:\/\/www.camping-laguichardiere.net\/de\/wp-json\/wp\/v2\/users\/1"}],"replies":[{"embeddable":true,"href":"https:\/\/www.camping-laguichardiere.net\/de\/wp-json\/wp\/v2\/comments?post=4792"}],"version-history":[{"count":1,"href":"https:\/\/www.camping-laguichardiere.net\/de\/wp-json\/wp\/v2\/posts\/4792\/revisions"}],"predecessor-version":[{"id":4795,"href":"https:\/\/www.camping-laguichardiere.net\/de\/wp-json\/wp\/v2\/posts\/4792\/revisions\/4795"}],"wp:featuredmedia":[{"embeddable":true,"href":"https:\/\/www.camping-laguichardiere.net\/de\/wp-json\/wp\/v2\/media\/4793"}],"wp:attachment":[{"href":"https:\/\/www.camping-laguichardiere.net\/de\/wp-json\/wp\/v2\/media?parent=4792"}],"wp:term":[{"taxonomy":"category","embeddable":true,"href":"https:\/\/www.camping-laguichardiere.net\/de\/wp-json\/wp\/v2\/categories?post=4792"},{"taxonomy":"post_tag","embeddable":true,"href":"https:\/\/www.camping-laguichardiere.net\/de\/wp-json\/wp\/v2\/tags?post=4792"}],"curies":[{"name":"wp","href":"https:\/\/api.w.org\/{rel}","templated":true}]}}