{"id":4819,"date":"2017-05-13T14:54:07","date_gmt":"2017-05-13T14:54:07","guid":{"rendered":"https:\/\/www.camping-laguichardiere.net\/spaziergaenge-vom-campingplatz-aus\/"},"modified":"2026-03-06T15:32:23","modified_gmt":"2026-03-06T15:32:23","slug":"spaziergaenge-vom-campingplatz-aus","status":"publish","type":"post","link":"https:\/\/www.camping-laguichardiere.net\/de\/spaziergaenge-vom-campingplatz-aus\/","title":{"rendered":"Spazierg\u00e4nge vom Campingplatz aus"},"content":{"rendered":"\n<div class=\"wp-block-group alignfull is-layout-flow wp-block-group-is-layout-flow\">\n<div style=\"background-image:url(&apos;https:\/\/www.camping-laguichardiere.net\/wp-content\/uploads\/2025\/10\/GUICHARDIERE-2025-ESE-183.webp&apos;);background-size:cover;\" class=\"wp-block-group alignfull hero-lg-simple is-style-gd-image-dark has-n-50-color has-text-color has-link-color wp-elements-9498ad0571efb94d25f8dc115843c54e has-global-padding is-layout-constrained wp-container-core-group-is-layout-f36bc466 wp-block-group-is-layout-constrained has-background\"><h1 class=\"has-text-align-center wp-block-post-title\">Spazierg\u00e4nge vom Campingplatz aus<\/h1><\/div>\n\n\n\n<div class=\"wp-block-group alignfull hrz-content-sticky has-n-50-background-color has-background has-global-padding is-layout-constrained wp-container-core-group-is-layout-55bdcacf wp-block-group-is-layout-constrained\" style=\"padding-top:var(--wp--preset--spacing--xl);padding-bottom:var(--wp--preset--spacing--xl)\">\n<div class=\"wp-block-columns wrapper-sticky is-layout-flex wp-container-core-columns-is-layout-48f035cc wp-block-columns-is-layout-flex\">\n<div class=\"wp-block-column is-layout-flow wp-block-column-is-layout-flow\" style=\"padding-top:var(--wp--preset--spacing--m)\">\n<div class=\"wp-block-group is-c-mobile is-vertical is-layout-flex wp-container-core-group-is-layout-8db92f92 wp-block-group-is-layout-flex\">\n<h2 class=\"wp-block-heading is-style-hrz-title--sub\">Kleine und gro\u00dfe Spazierg\u00e4nge vom Campingplatz aus&#8230;<\/h2>\n<\/div>\n\n\n\n<p class=\"is-style-hrz-p--base has-n-950-color has-text-color has-link-color wp-elements-4977d778f9b6943baef8792db5ce30d7\" style=\"margin-top:var(--wp--preset--spacing--m)\">Von Ihrem Stellplatz aus haben Sie direkten Zugang zu einem Fahrradweg, der hinter dem Campingplatz verl\u00e4uft (ein blaues Tor am Ende des Campingplatzes m\u00fcndet in den Chemin des Pr\u00e9s Communs). Wenn Sie links abbiegen, erreichen Sie den Hafen von La Gravette (300m), den Strand von La Tara (Schwimmen) oder den Strand von Mouton (Angeln). Sie k\u00f6nnen Ihren Weg nach Pointe Saint-Gildas \u00fcber den K\u00fcstenpfad fortsetzen (nur zu Fu\u00df), wo Sie eine Segelschule, eine Jetskibasis, einen Museumsbereich im alten Semaphor (strategischer Aussichtspunkt auf den Ozean) und Restaurants f\u00fcr eine wohlverdiente Pause finden werden! Auf Ihrem Weg werden Sie die analemmatische Sonnenuhr (zwischen La Tara und La Pr\u00e9e) und etwas weiter einen Orientierungstisch entdecken, der Ihnen viele Informationen \u00fcber die Geschichte des Pays de Retz, die Schifffahrt in der M\u00fcndung, den Schiffbau, die gro\u00dfen Schiffbr\u00fcche, die Meereskulturen, die Str\u00e4nde&#8230; gibt.   <\/p>\n<\/div>\n\n\n\n<div class=\"wp-block-column sticky-content is-layout-flow wp-block-column-is-layout-flow\">\n<div class=\"wp-block-group is-vertical is-content-justification-right is-layout-flex wp-container-core-group-is-layout-1b2b8a90 wp-block-group-is-layout-flex\">\n<figure class=\"wp-block-image size-full has-custom-border is-one\"><img alt=\"\" decoding=\"async\" width=\"1920\" height=\"1280\" src=\"https:\/\/www.camping-laguichardiere.net\/wp-content\/uploads\/2025\/10\/GUICHARDIERE-2025-ESE-181.webp\" alt=\"\" class=\"wp-image-609\" style=\"border-radius:25px\" srcset=\"https:\/\/www.camping-laguichardiere.net\/wp-content\/uploads\/2025\/10\/GUICHARDIERE-2025-ESE-181.webp 1920w, https:\/\/www.camping-laguichardiere.net\/wp-content\/uploads\/2025\/10\/GUICHARDIERE-2025-ESE-181-300x200.webp 300w, https:\/\/www.camping-laguichardiere.net\/wp-content\/uploads\/2025\/10\/GUICHARDIERE-2025-ESE-181-1024x683.webp 1024w, https:\/\/www.camping-laguichardiere.net\/wp-content\/uploads\/2025\/10\/GUICHARDIERE-2025-ESE-181-768x512.webp 768w, https:\/\/www.camping-laguichardiere.net\/wp-content\/uploads\/2025\/10\/GUICHARDIERE-2025-ESE-181-1440x960.webp 1440w, https:\/\/www.camping-laguichardiere.net\/wp-content\/uploads\/2025\/10\/GUICHARDIERE-2025-ESE-181-1080x720.webp 1080w, https:\/\/www.camping-laguichardiere.net\/wp-content\/uploads\/2025\/10\/GUICHARDIERE-2025-ESE-181-720x480.webp 720w\" sizes=\"(max-width: 1920px) 100vw, 1920px\" \/><\/figure>\n<\/div>\n<\/div>\n<\/div>\n\n\n\n<div class=\"wp-block-columns wrapper-sticky is-layout-flex wp-container-core-columns-is-layout-48f035cc wp-block-columns-is-layout-flex\">\n<div class=\"wp-block-column is-layout-flow wp-block-column-is-layout-flow\" style=\"padding-top:var(--wp--preset--spacing--m)\">\n<p class=\"is-style-hrz-p--base has-n-950-color has-text-color has-link-color wp-elements-27eaaa4294ce7de5fe252ddaec2f8b67\" style=\"margin-top:var(--wp--preset--spacing--m)\">Bis Pornic entdecken Sie einen der l\u00e4ngsten und wildesten Abschnitte des Z\u00f6llnerpfades GR8 (Buchten, Klippen, Blick auf Noirmoutier&#8230;), durch Pr\u00e9failles und Sainte Marie, aber wenn Sie gute Schuhe, gute Waden und Lust auf Meeresluft haben, geht es weiter bis La Bernerie und Les Moutiers-en-Retz!<\/p>\n\n\n\n<p class=\"is-style-hrz-p--base has-n-950-color has-text-color has-link-color wp-elements-8026cb1c411a6013c497488b1f590c8c\" style=\"margin-top:var(--wp--preset--spacing--m)\">Auf der anderen Seite k\u00f6nnen Sie den Ort La Plaine \u00fcber Radwege durch die Felder erreichen (ca. 2 km) oder am Meer entlang bis zu den Str\u00e4nden von Le Cormier, Tharon und Saint Michel-Chef-Chef (wo wir Ihnen eine kleine Schlemmerpause in der Galettenfabrik St Michel empfehlen!), der GR8 folgt dem Meer bis nach Saint-Br\u00e9vin (und seiner Meeresschlange)!<\/p>\n\n\n\n<p class=\"is-style-hrz-p--base has-n-950-color has-text-color has-link-color wp-elements-ce49f15fa4cce683a4f7d1b9d8708307\" style=\"margin-top:var(--wp--preset--spacing--m)\">Die V\u00e9lodyss\u00e9e (Gr\u00fcner Weg von Norwegen bis Portugal) bringt Sie sicher an die Ufer der Loire im Norden oder nach Noirmoutier im S\u00fcden.<\/p>\n\n\n\n<p class=\"is-style-hrz-p--base has-n-950-color has-text-color has-link-color wp-elements-232e66bf7e35950509949b1b901cc027\" style=\"margin-top:var(--wp--preset--spacing--m)\">Am 28. Juni wird eine Wanderung organisiert (FFRandonn\u00e9e Pays de la Loire), eine gro\u00dfe Schleife &#8220;Entdeckung der wilden K\u00fcste und des Z\u00f6llnerpfades&#8221; &#8211; Treffpunkt um 9:30 Uhr an der Sporthalle &#8211; Informationen unter 02 51 83 17 86.<\/p>\n\n\n\n<p class=\"is-style-hrz-p--base has-n-950-color has-text-color has-link-color wp-elements-2eb0fb51128272d829572cd85a29b38b\" style=\"margin-top:var(--wp--preset--spacing--m)\">Am Empfang des Campingplatzes k\u00f6nnen wir Ihnen je nach Bedarf einen Plan der Wanderwege in der Region geben.<\/p>\n<\/div>\n<\/div>\n<\/div>\n<\/div>\n","protected":false},"excerpt":{"rendered":"<p>Von Ihrem Stellplatz aus haben Sie direkten Zugang zu einem Fahrradweg, der hinter dem Campingplatz verl\u00e4uft (ein blaues Tor am Ende des Campingplatzes m\u00fcndet in den Chemin des Pr\u00e9s Communs).  <\/p>\n","protected":false},"author":1,"featured_media":4820,"comment_status":"closed","ping_status":"open","sticky":false,"template":"","format":"standard","meta":{"_acf_changed":false,"_seopress_robots_primary_cat":"none","_seopress_titles_title":"Wanderungen ab dem Campingplatz | Camping La Guichardi\u00e8re","_seopress_titles_desc":"Kleine und gro\u00dfe Spazierg\u00e4nge vom Campingplatz aus... Von Ihrem Stellplatz aus haben Sie direkten Zugang zu einem Radweg, der hinter dem Campingplatz verl\u00e4uft (ein blaues Tor am Ende des Campingplatzes). ","_seopress_robots_index":"","footnotes":""},"categories":[36],"tags":[],"class_list":["post-4819","post","type-post","status-publish","format-standard","has-post-thumbnail","hentry","category-nachrichten"],"acf":[],"_links":{"self":[{"href":"https:\/\/www.camping-laguichardiere.net\/de\/wp-json\/wp\/v2\/posts\/4819","targetHints":{"allow":["GET"]}}],"collection":[{"href":"https:\/\/www.camping-laguichardiere.net\/de\/wp-json\/wp\/v2\/posts"}],"about":[{"href":"https:\/\/www.camping-laguichardiere.net\/de\/wp-json\/wp\/v2\/types\/post"}],"author":[{"embeddable":true,"href":"https:\/\/www.camping-laguichardiere.net\/de\/wp-json\/wp\/v2\/users\/1"}],"replies":[{"embeddable":true,"href":"https:\/\/www.camping-laguichardiere.net\/de\/wp-json\/wp\/v2\/comments?post=4819"}],"version-history":[{"count":1,"href":"https:\/\/www.camping-laguichardiere.net\/de\/wp-json\/wp\/v2\/posts\/4819\/revisions"}],"predecessor-version":[{"id":4821,"href":"https:\/\/www.camping-laguichardiere.net\/de\/wp-json\/wp\/v2\/posts\/4819\/revisions\/4821"}],"wp:featuredmedia":[{"embeddable":true,"href":"https:\/\/www.camping-laguichardiere.net\/de\/wp-json\/wp\/v2\/media\/4820"}],"wp:attachment":[{"href":"https:\/\/www.camping-laguichardiere.net\/de\/wp-json\/wp\/v2\/media?parent=4819"}],"wp:term":[{"taxonomy":"category","embeddable":true,"href":"https:\/\/www.camping-laguichardiere.net\/de\/wp-json\/wp\/v2\/categories?post=4819"},{"taxonomy":"post_tag","embeddable":true,"href":"https:\/\/www.camping-laguichardiere.net\/de\/wp-json\/wp\/v2\/tags?post=4819"}],"curies":[{"name":"wp","href":"https:\/\/api.w.org\/{rel}","templated":true}]}}